{"id":300361,"date":"2025-05-21T10:02:46","date_gmt":"2025-05-21T08:02:46","guid":{"rendered":"https:\/\/www.foxone.de\/?p=300361"},"modified":"2025-07-01T10:23:26","modified_gmt":"2025-07-01T08:23:26","slug":"einladung-zum-foxone-sommerfest","status":"publish","type":"post","link":"https:\/\/www.foxone.de\/?p=300361","title":{"rendered":"Einladung zum Foxone Sommerfest"},"content":{"rendered":"\n<p><strong>FOXONE SOMMERFEST 2025 \u2013 WO SOMMER, FREUNDE &amp; BENGALEN ZUSAMMENTREFFEN!<\/strong><br><br><strong>Samstag, 26. Juli 2025 | ab 14:00 Uhr | Open End<\/strong><br>\ud83d\udccd Bei uns vor Ort \u2013 da, wo die Foxone-Familie zu Hause ist!<\/p>\n\n\n\n<p><strong>Liebe Foxone Familie,<\/strong><\/p>\n\n\n\n<p>der Sommer steht vor der T\u00fcr \u2013 und mit ihm einer der sch\u00f6nsten und herzlichsten Momente des Jahres: <strong>unser gemeinsames Sommerfest!<\/strong> \ud83d\udc9b<\/p>\n\n\n\n<p>In diesem Jahr laden wir euch voller Vorfreude ein zu einem Tag, der ganz im Zeichen von <strong>Gemeinschaft, Genuss und Geschichten<\/strong> steht. Ob ihr schon viele Jahre Teil der Foxone Familie seid oder erst vor Kurzem dazugekommen \u2013 <strong>ihr geh\u00f6rt dazu<\/strong>, und genau deshalb m\u00f6chten wir diesen Tag mit euch verbringen.<\/p>\n\n\n\n<p>\ud83c\udf56 <strong>GRILLEN, SCHLEMMEN &amp; GENIESSEN<\/strong><br>Ab 14:00 Uhr werfen wir den Grill an \u2013 und der Duft von frisch gegrilltem Fleisch, Gem\u00fcse und leckeren Beilagen wird durch die Luft wehen. Ob W\u00fcrstchen, Steaks, vegetarische K\u00f6stlichkeiten oder vegane \u00dcberraschungen \u2013 f\u00fcr jeden Geschmack ist etwas dabei. Und nat\u00fcrlich gibt\u2019s auch <strong>kalte Getr\u00e4nke<\/strong>, <strong>Wein<\/strong> <strong>erfrischendes Bier<\/strong> und <strong>hausgemachte Desserts<\/strong>.<\/p>\n\n\n\n<p>\ud83c\udfb6 <strong>MUSIK &amp; SOMMERFEELING<\/strong><br>Mit chilliger Musik im Hintergrund, gem\u00fctlichen Sitzpl\u00e4tzen und der untergehenden Sonne wird unsere Location zur perfekten Sommer-Oase. Vielleicht tanzen wir sp\u00e4ter sogar barfu\u00df auf dem Rasen \u2013 wer wei\u00df?<\/p>\n\n\n\n<p>\ud83d\udc06 <strong>GESCHICHTEN VON BENGALEN &amp; ABENTEUERN<\/strong><br>Wir freuen uns schon riesig auf eure Geschichten, Anekdoten und kleinen Alltagsabenteuer mit den Samtpfoten. Ob witzig, r\u00fchrend oder spannend \u2013 dieser Austausch macht unser Fest zu etwas ganz Besonderem.<\/p>\n\n\n\n<p>Vielleicht entsteht ja sogar die Idee f\u00fcr ein kleines Fotoalbum\u201c aus euren Erz\u00e4hlungen? \ud83d\udcf8\u2728<br><br>Wir w\u00fcrden uns freuen wenn Ihr kommt, zusagen gerne wenn m\u00f6glich mit ca. Personenanzahl damit wir das besser planen k\u00f6nnen, gerne bis 10.07.2025 &#8211; per WhatsApp oder ruft einfach kurz an \ud83d\ude42<br><br>Liebe Gr\u00fc\u00dfe, <br>Alexandra, Christian und die Bengalen Bande von Foxone<br><br>PS: das letzte <strong>Sommerfest<\/strong> fand am 30.09.2023 statt und den Bericht findet ihr hier<strong> <a href=\"https:\/\/www.foxone.de\/?p=295683\" data-type=\"link\" data-id=\"https:\/\/www.foxone.de\/?p=295683\">Link<\/a> <\/strong><\/p>\n\n\n\n<figure class=\"wp-block-image size-large\"><img data-recalc-dims=\"1\" loading=\"lazy\" decoding=\"async\" width=\"1000\" height=\"563\" src=\"https:\/\/i0.wp.com\/www.foxone.de\/wp-content\/uploads\/aktuell.png?resize=1000%2C563&#038;ssl=1\" alt=\"\" class=\"wp-image-300362\" srcset=\"https:\/\/i0.wp.com\/www.foxone.de\/wp-content\/uploads\/aktuell.png?resize=1020%2C574&amp;ssl=1 1020w, https:\/\/i0.wp.com\/www.foxone.de\/wp-content\/uploads\/aktuell.png?resize=632%2C356&amp;ssl=1 632w, https:\/\/i0.wp.com\/www.foxone.de\/wp-content\/uploads\/aktuell.png?resize=768%2C432&amp;ssl=1 768w, https:\/\/i0.wp.com\/www.foxone.de\/wp-content\/uploads\/aktuell.png?resize=1536%2C864&amp;ssl=1 1536w, https:\/\/i0.wp.com\/www.foxone.de\/wp-content\/uploads\/aktuell.png?w=1600&amp;ssl=1 1600w\" sizes=\"auto, (max-width: 1000px) 100vw, 1000px\" \/><\/figure>\n","protected":false},"excerpt":{"rendered":"<p>FOXONE SOMMERFEST 2025 \u2013 WO SOMMER, FREUNDE &amp; BENGALEN ZUSAMMENTREFFEN! Samstag, 26. Juli 2025 | ab 14:00 Uhr | Open End\ud83d\udccd Bei uns vor Ort \u2013 da, wo die Foxone-Familie&#8230; <span class=\"more-link\"><a href=\"https:\/\/www.foxone.de\/?p=300361\">Read More<\/a><\/span><\/p>\n","protected":false},"author":1,"featured_media":300365,"comment_status":"closed","ping_status":"open","sticky":false,"template":"","format":"standard","meta":{"footnotes":""},"categories":[1],"tags":[],"class_list":["post-300361","post","type-post","status-publish","format-standard","has-post-thumbnail","hentry","category-allgemein"],"jetpack_featured_media_url":"https:\/\/i0.wp.com\/www.foxone.de\/wp-content\/uploads\/foxone.jpeg?fit=2048%2C1125&ssl=1","_links":{"self":[{"href":"https:\/\/www.foxone.de\/index.php?rest_route=\/wp\/v2\/posts\/300361","targetHints":{"allow":["GET"]}}],"collection":[{"href":"https:\/\/www.foxone.de\/index.php?rest_route=\/wp\/v2\/posts"}],"about":[{"href":"https:\/\/www.foxone.de\/index.php?rest_route=\/wp\/v2\/types\/post"}],"author":[{"embeddable":true,"href":"https:\/\/www.foxone.de\/index.php?rest_route=\/wp\/v2\/users\/1"}],"replies":[{"embeddable":true,"href":"https:\/\/www.foxone.de\/index.php?rest_route=%2Fwp%2Fv2%2Fcomments&post=300361"}],"version-history":[{"count":4,"href":"https:\/\/www.foxone.de\/index.php?rest_route=\/wp\/v2\/posts\/300361\/revisions"}],"predecessor-version":[{"id":300371,"href":"https:\/\/www.foxone.de\/index.php?rest_route=\/wp\/v2\/posts\/300361\/revisions\/300371"}],"wp:featuredmedia":[{"embeddable":true,"href":"https:\/\/www.foxone.de\/index.php?rest_route=\/wp\/v2\/media\/300365"}],"wp:attachment":[{"href":"https:\/\/www.foxone.de\/index.php?rest_route=%2Fwp%2Fv2%2Fmedia&parent=300361"}],"wp:term":[{"taxonomy":"category","embeddable":true,"href":"https:\/\/www.foxone.de\/index.php?rest_route=%2Fwp%2Fv2%2Fcategories&post=300361"},{"taxonomy":"post_tag","embeddable":true,"href":"https:\/\/www.foxone.de\/index.php?rest_route=%2Fwp%2Fv2%2Ftags&post=300361"}],"curies":[{"name":"wp","href":"https:\/\/api.w.org\/{rel}","templated":true}]}}